{"id":2615,"date":"2024-10-22T09:20:12","date_gmt":"2024-10-22T07:20:12","guid":{"rendered":"https:\/\/opole.pttk.pl\/?p=2615"},"modified":"2024-10-22T09:20:44","modified_gmt":"2024-10-22T07:20:44","slug":"zaduszki-poetyckie","status":"publish","type":"post","link":"https:\/\/opole.pttk.pl\/index.php\/2024\/10\/22\/zaduszki-poetyckie\/","title":{"rendered":"Zaduszki poetyckie"},"content":{"rendered":"<div dir=\"auto\" style=\"text-align: center;\">Polskie Towarzystwo\u00a0Turystyczno-Krajoznawcze Oddzia\u0142 Regionalny \u015al\u0105ska Opolskiego\u00a0<\/div>\n<div dir=\"auto\" style=\"text-align: center;\">Opolski Klub Krajoznawc\u00f3w, Stowarzyszenie Rod\u0142o Opole<\/div>\n<div dir=\"auto\" style=\"text-align: center;\">zapraszaj\u0105 na spotkanie muzyczno-poetyckie<\/div>\n<div dir=\"auto\" style=\"text-align: center;\"><strong>&#8222;Zaduszki poetyckie. Wspomnienie poet\u00f3w z Opolszczyzny&#8221;.<\/strong><\/div>\n<div dir=\"auto\">Wyst\u0105pi\u0105:<\/div>\n<div dir=\"auto\">Ch\u00f3r kameralny Gold Singers<\/div>\n<div dir=\"auto\">dyrygent Ewa Wocial<\/div>\n<div dir=\"auto\">Beata Piotrowska-Piersiak\u00a0\u00a0skrzypce<\/div>\n<div dir=\"auto\">Akompaniator Rados\u0142aw Wocial<\/div>\n<div dir=\"auto\">Recytacje \u2013 Grupa\u00a0<\/div>\n<div dir=\"auto\">recytatorsko-poetycka\u00a0<\/div>\n<div dir=\"auto\">\u201eWok\u00f3\u0142 s\u0142owa\u201d\u00a0<\/div>\n<div dir=\"auto\">(z DDP Magda-Maria)\u00a0 przygotowanie Ma\u0142gorzata Iwa\u0144ska<\/div>\n<div dir=\"auto\">Scenariusz Marek Krassowski wieloletni prezes Klubu Zwi\u0105zk\u00f3w Tw\u00f3rczych.<\/div>\n<div dir=\"auto\"><strong>Spotkanie odb\u0119dzie si\u0119\u00a0 4 listopada 2024 roku, o godz. 16.30\u00a0<\/strong><\/div>\n<div dir=\"auto\">w Centrum Dialogu Obywatelskiego, Opole, ul. Damrota 1, I pi\u0119tro, sala 106<\/div>\n<div class=\"yj6qo\">\u00a0<\/div>\n<div class=\"adL\" dir=\"auto\">\u00a0<\/div>\n\n<div class=\"wp-block-image\">\n<figure class=\"aligncenter size-full is-resized\"><img loading=\"lazy\" decoding=\"async\" width=\"900\" height=\"900\" src=\"https:\/\/opole.pttk.pl\/wp-content\/uploads\/2024\/10\/zaduszki.jpg\" alt=\"\" class=\"wp-image-2617\" style=\"aspect-ratio:1;width:457px;height:auto\" srcset=\"https:\/\/opole.pttk.pl\/wp-content\/uploads\/2024\/10\/zaduszki.jpg 900w, https:\/\/opole.pttk.pl\/wp-content\/uploads\/2024\/10\/zaduszki-300x300.jpg 300w, https:\/\/opole.pttk.pl\/wp-content\/uploads\/2024\/10\/zaduszki-150x150.jpg 150w, https:\/\/opole.pttk.pl\/wp-content\/uploads\/2024\/10\/zaduszki-768x768.jpg 768w\" sizes=\"auto, (max-width: 900px) 100vw, 900px\" \/><\/figure>\n<\/div>","protected":false},"excerpt":{"rendered":"<p>Polskie Towarzystwo\u00a0Turystyczno-Krajoznawcze Oddzia\u0142 Regionalny \u015al\u0105ska Opolskiego\u00a0 Opolski Klub Krajoznawc\u00f3w, Stowarzyszenie Rod\u0142o Opole zapraszaj\u0105 na spotkanie muzyczno-poetyckie &#8222;Zaduszki poetyckie. Wspomnienie poet\u00f3w z Opolszczyzny&#8221;. Wyst\u0105pi\u0105: Ch\u00f3r kameralny Gold Singers dyrygent Ewa Wocial Beata Piotrowska-Piersiak\u00a0\u00a0skrzypce Akompaniator Rados\u0142aw Wocial Recytacje \u2013 Grupa\u00a0 recytatorsko-poetycka\u00a0 \u201eWok\u00f3\u0142 s\u0142owa\u201d\u00a0 (z DDP Magda-Maria)\u00a0 przygotowanie Ma\u0142gorzata Iwa\u0144ska Scenariusz Marek Krassowski wieloletni prezes Klubu Zwi\u0105zk\u00f3w Tw\u00f3rczych. [&hellip;]<\/p>\n","protected":false},"author":1,"featured_media":2617,"comment_status":"open","ping_status":"closed","sticky":false,"template":"","format":"standard","meta":{"footnotes":""},"categories":[5,37],"tags":[],"class_list":["post-2615","post","type-post","status-publish","format-standard","has-post-thumbnail","hentry","category-aktualnosci","category-opolski-klub-krajoznawcow"],"_links":{"self":[{"href":"https:\/\/opole.pttk.pl\/index.php\/wp-json\/wp\/v2\/posts\/2615","targetHints":{"allow":["GET"]}}],"collection":[{"href":"https:\/\/opole.pttk.pl\/index.php\/wp-json\/wp\/v2\/posts"}],"about":[{"href":"https:\/\/opole.pttk.pl\/index.php\/wp-json\/wp\/v2\/types\/post"}],"author":[{"embeddable":true,"href":"https:\/\/opole.pttk.pl\/index.php\/wp-json\/wp\/v2\/users\/1"}],"replies":[{"embeddable":true,"href":"https:\/\/opole.pttk.pl\/index.php\/wp-json\/wp\/v2\/comments?post=2615"}],"version-history":[{"count":1,"href":"https:\/\/opole.pttk.pl\/index.php\/wp-json\/wp\/v2\/posts\/2615\/revisions"}],"predecessor-version":[{"id":2619,"href":"https:\/\/opole.pttk.pl\/index.php\/wp-json\/wp\/v2\/posts\/2615\/revisions\/2619"}],"wp:featuredmedia":[{"embeddable":true,"href":"https:\/\/opole.pttk.pl\/index.php\/wp-json\/wp\/v2\/media\/2617"}],"wp:attachment":[{"href":"https:\/\/opole.pttk.pl\/index.php\/wp-json\/wp\/v2\/media?parent=2615"}],"wp:term":[{"taxonomy":"category","embeddable":true,"href":"https:\/\/opole.pttk.pl\/index.php\/wp-json\/wp\/v2\/categories?post=2615"},{"taxonomy":"post_tag","embeddable":true,"href":"https:\/\/opole.pttk.pl\/index.php\/wp-json\/wp\/v2\/tags?post=2615"}],"curies":[{"name":"wp","href":"https:\/\/api.w.org\/{rel}","templated":true}]}}