{"id":3175,"date":"2025-01-11T16:09:48","date_gmt":"2025-01-11T15:09:48","guid":{"rendered":"https:\/\/opole.pttk.pl\/?p=3175"},"modified":"2025-01-11T16:10:39","modified_gmt":"2025-01-11T15:10:39","slug":"spotkanie-prezesow","status":"publish","type":"post","link":"https:\/\/opole.pttk.pl\/index.php\/2025\/01\/11\/spotkanie-prezesow\/","title":{"rendered":"Spotkanie Prezes\u00f3w"},"content":{"rendered":"<p>11.01.2025 r. w siedzibie Oddzia\u0142u Regionalnego PTTK \u015al\u0105ska Opolskiego odby\u0142o si\u0119 spotkanie Prezes\u00f3w ZG PTTK z Prezesami Oddzia\u0142\u00f3w z wojew\u00f3dztwa opolskiego, podczas kt\u00f3rego Prezes Jerzy Kap\u0142on przedstawi\u0142 Strategi\u0119 Rozwoju PTTK.<\/p>\n<p>\u00a0<\/p>\n\n\n<figure class=\"wp-block-gallery has-nested-images columns-default is-cropped wp-block-gallery-1 is-layout-flex wp-block-gallery-is-layout-flex\">\n<figure class=\"wp-block-image size-large\"><img loading=\"lazy\" decoding=\"async\" width=\"1024\" height=\"768\" data-id=\"3191\" src=\"https:\/\/opole.pttk.pl\/wp-content\/uploads\/2025\/01\/20250111_130812-1024x768.jpg\" alt=\"\" class=\"wp-image-3191\" srcset=\"https:\/\/opole.pttk.pl\/wp-content\/uploads\/2025\/01\/20250111_130812-1024x768.jpg 1024w, https:\/\/opole.pttk.pl\/wp-content\/uploads\/2025\/01\/20250111_130812-300x225.jpg 300w, https:\/\/opole.pttk.pl\/wp-content\/uploads\/2025\/01\/20250111_130812-768x576.jpg 768w, https:\/\/opole.pttk.pl\/wp-content\/uploads\/2025\/01\/20250111_130812-1536x1151.jpg 1536w, https:\/\/opole.pttk.pl\/wp-content\/uploads\/2025\/01\/20250111_130812-2048x1535.jpg 2048w\" sizes=\"auto, (max-width: 1024px) 100vw, 1024px\" \/><\/figure>\n\n\n\n<figure class=\"wp-block-image size-large\"><img loading=\"lazy\" decoding=\"async\" width=\"1024\" height=\"768\" data-id=\"3185\" src=\"https:\/\/opole.pttk.pl\/wp-content\/uploads\/2025\/01\/20250111_105351-1024x768.jpg\" alt=\"\" class=\"wp-image-3185\" srcset=\"https:\/\/opole.pttk.pl\/wp-content\/uploads\/2025\/01\/20250111_105351-1024x768.jpg 1024w, https:\/\/opole.pttk.pl\/wp-content\/uploads\/2025\/01\/20250111_105351-300x225.jpg 300w, https:\/\/opole.pttk.pl\/wp-content\/uploads\/2025\/01\/20250111_105351-768x576.jpg 768w, https:\/\/opole.pttk.pl\/wp-content\/uploads\/2025\/01\/20250111_105351-1536x1152.jpg 1536w, https:\/\/opole.pttk.pl\/wp-content\/uploads\/2025\/01\/20250111_105351-2048x1536.jpg 2048w\" sizes=\"auto, (max-width: 1024px) 100vw, 1024px\" \/><\/figure>\n\n\n\n<figure class=\"wp-block-image size-large\"><img loading=\"lazy\" decoding=\"async\" width=\"1024\" height=\"768\" data-id=\"3193\" src=\"https:\/\/opole.pttk.pl\/wp-content\/uploads\/2025\/01\/20250111_105427-1024x768.jpg\" alt=\"\" class=\"wp-image-3193\" srcset=\"https:\/\/opole.pttk.pl\/wp-content\/uploads\/2025\/01\/20250111_105427-1024x768.jpg 1024w, https:\/\/opole.pttk.pl\/wp-content\/uploads\/2025\/01\/20250111_105427-300x225.jpg 300w, https:\/\/opole.pttk.pl\/wp-content\/uploads\/2025\/01\/20250111_105427-768x576.jpg 768w, https:\/\/opole.pttk.pl\/wp-content\/uploads\/2025\/01\/20250111_105427-1536x1152.jpg 1536w, https:\/\/opole.pttk.pl\/wp-content\/uploads\/2025\/01\/20250111_105427-2048x1536.jpg 2048w\" sizes=\"auto, (max-width: 1024px) 100vw, 1024px\" \/><\/figure>\n\n\n\n<figure class=\"wp-block-image size-large\"><img loading=\"lazy\" decoding=\"async\" width=\"768\" height=\"1024\" data-id=\"3183\" src=\"https:\/\/opole.pttk.pl\/wp-content\/uploads\/2025\/01\/20250111_105645-768x1024.jpg\" alt=\"\" class=\"wp-image-3183\" srcset=\"https:\/\/opole.pttk.pl\/wp-content\/uploads\/2025\/01\/20250111_105645-768x1024.jpg 768w, https:\/\/opole.pttk.pl\/wp-content\/uploads\/2025\/01\/20250111_105645-225x300.jpg 225w, https:\/\/opole.pttk.pl\/wp-content\/uploads\/2025\/01\/20250111_105645-1152x1536.jpg 1152w, https:\/\/opole.pttk.pl\/wp-content\/uploads\/2025\/01\/20250111_105645-1536x2048.jpg 1536w, https:\/\/opole.pttk.pl\/wp-content\/uploads\/2025\/01\/20250111_105645-scaled.jpg 1920w\" sizes=\"auto, (max-width: 768px) 100vw, 768px\" \/><\/figure>\n\n\n\n<figure class=\"wp-block-image size-large\"><img loading=\"lazy\" decoding=\"async\" width=\"1024\" height=\"768\" data-id=\"3181\" src=\"https:\/\/opole.pttk.pl\/wp-content\/uploads\/2025\/01\/20250111_110828-1024x768.jpg\" alt=\"\" class=\"wp-image-3181\" srcset=\"https:\/\/opole.pttk.pl\/wp-content\/uploads\/2025\/01\/20250111_110828-1024x768.jpg 1024w, https:\/\/opole.pttk.pl\/wp-content\/uploads\/2025\/01\/20250111_110828-300x225.jpg 300w, https:\/\/opole.pttk.pl\/wp-content\/uploads\/2025\/01\/20250111_110828-768x576.jpg 768w, https:\/\/opole.pttk.pl\/wp-content\/uploads\/2025\/01\/20250111_110828-1536x1152.jpg 1536w, https:\/\/opole.pttk.pl\/wp-content\/uploads\/2025\/01\/20250111_110828-2048x1536.jpg 2048w\" sizes=\"auto, (max-width: 1024px) 100vw, 1024px\" \/><\/figure>\n\n\n\n<figure class=\"wp-block-image size-large\"><img loading=\"lazy\" decoding=\"async\" width=\"768\" height=\"1024\" data-id=\"3195\" src=\"https:\/\/opole.pttk.pl\/wp-content\/uploads\/2025\/01\/20250111_122350-768x1024.jpg\" alt=\"\" class=\"wp-image-3195\" srcset=\"https:\/\/opole.pttk.pl\/wp-content\/uploads\/2025\/01\/20250111_122350-768x1024.jpg 768w, https:\/\/opole.pttk.pl\/wp-content\/uploads\/2025\/01\/20250111_122350-225x300.jpg 225w, https:\/\/opole.pttk.pl\/wp-content\/uploads\/2025\/01\/20250111_122350-1152x1536.jpg 1152w, https:\/\/opole.pttk.pl\/wp-content\/uploads\/2025\/01\/20250111_122350-1536x2048.jpg 1536w, https:\/\/opole.pttk.pl\/wp-content\/uploads\/2025\/01\/20250111_122350-scaled.jpg 1920w\" sizes=\"auto, (max-width: 768px) 100vw, 768px\" \/><\/figure>\n\n\n\n<figure class=\"wp-block-image size-large\"><img loading=\"lazy\" decoding=\"async\" width=\"1024\" height=\"768\" data-id=\"3189\" src=\"https:\/\/opole.pttk.pl\/wp-content\/uploads\/2025\/01\/IMG-20250111-WA0003-1024x768.jpg\" alt=\"\" class=\"wp-image-3189\" srcset=\"https:\/\/opole.pttk.pl\/wp-content\/uploads\/2025\/01\/IMG-20250111-WA0003-1024x768.jpg 1024w, https:\/\/opole.pttk.pl\/wp-content\/uploads\/2025\/01\/IMG-20250111-WA0003-300x225.jpg 300w, https:\/\/opole.pttk.pl\/wp-content\/uploads\/2025\/01\/IMG-20250111-WA0003-768x576.jpg 768w, https:\/\/opole.pttk.pl\/wp-content\/uploads\/2025\/01\/IMG-20250111-WA0003-1536x1152.jpg 1536w, https:\/\/opole.pttk.pl\/wp-content\/uploads\/2025\/01\/IMG-20250111-WA0003-2048x1536.jpg 2048w\" sizes=\"auto, (max-width: 1024px) 100vw, 1024px\" \/><\/figure>\n<\/figure>\n","protected":false},"excerpt":{"rendered":"<p>11.01.2025 r. w siedzibie Oddzia\u0142u Regionalnego PTTK \u015al\u0105ska Opolskiego odby\u0142o si\u0119 spotkanie Prezes\u00f3w ZG PTTK z Prezesami Oddzia\u0142\u00f3w z wojew\u00f3dztwa opolskiego, podczas kt\u00f3rego Prezes Jerzy Kap\u0142on przedstawi\u0142 Strategi\u0119 Rozwoju PTTK. \u00a0<\/p>\n","protected":false},"author":1,"featured_media":3191,"comment_status":"open","ping_status":"closed","sticky":false,"template":"","format":"standard","meta":{"footnotes":""},"categories":[5],"tags":[],"class_list":["post-3175","post","type-post","status-publish","format-standard","has-post-thumbnail","hentry","category-aktualnosci"],"_links":{"self":[{"href":"https:\/\/opole.pttk.pl\/index.php\/wp-json\/wp\/v2\/posts\/3175","targetHints":{"allow":["GET"]}}],"collection":[{"href":"https:\/\/opole.pttk.pl\/index.php\/wp-json\/wp\/v2\/posts"}],"about":[{"href":"https:\/\/opole.pttk.pl\/index.php\/wp-json\/wp\/v2\/types\/post"}],"author":[{"embeddable":true,"href":"https:\/\/opole.pttk.pl\/index.php\/wp-json\/wp\/v2\/users\/1"}],"replies":[{"embeddable":true,"href":"https:\/\/opole.pttk.pl\/index.php\/wp-json\/wp\/v2\/comments?post=3175"}],"version-history":[{"count":2,"href":"https:\/\/opole.pttk.pl\/index.php\/wp-json\/wp\/v2\/posts\/3175\/revisions"}],"predecessor-version":[{"id":3201,"href":"https:\/\/opole.pttk.pl\/index.php\/wp-json\/wp\/v2\/posts\/3175\/revisions\/3201"}],"wp:featuredmedia":[{"embeddable":true,"href":"https:\/\/opole.pttk.pl\/index.php\/wp-json\/wp\/v2\/media\/3191"}],"wp:attachment":[{"href":"https:\/\/opole.pttk.pl\/index.php\/wp-json\/wp\/v2\/media?parent=3175"}],"wp:term":[{"taxonomy":"category","embeddable":true,"href":"https:\/\/opole.pttk.pl\/index.php\/wp-json\/wp\/v2\/categories?post=3175"},{"taxonomy":"post_tag","embeddable":true,"href":"https:\/\/opole.pttk.pl\/index.php\/wp-json\/wp\/v2\/tags?post=3175"}],"curies":[{"name":"wp","href":"https:\/\/api.w.org\/{rel}","templated":true}]}}