{"id":3485,"date":"2025-01-26T10:38:38","date_gmt":"2025-01-26T09:38:38","guid":{"rendered":"https:\/\/opole.pttk.pl\/?p=3485"},"modified":"2025-01-26T10:39:41","modified_gmt":"2025-01-26T09:39:41","slug":"spotkanie-noworoczne","status":"publish","type":"post","link":"https:\/\/opole.pttk.pl\/index.php\/2025\/01\/26\/spotkanie-noworoczne\/","title":{"rendered":"Spotkanie Noworoczne"},"content":{"rendered":"<div dir=\"auto\">W pi\u0105tkowe popo\u0142udnie odby\u0142o si\u0119 noworoczne spotkanie przedstawicieli k\u00f3\u0142 i klub\u00f3w Oddzia\u0142u Regionalnego PTTK \u015al\u0105ska Opolskiego w Opolu. Zebranie otworzy\u0142 kol. Lucjusz Bilik, prezes Oddzia\u0142u, dzi\u0119kuj\u0105c zgromadzonym za przybycie oraz prac\u0119 na rzecz turystyki i krajoznawstwa w 2024 roku. W ciep\u0142ych s\u0142owach powita\u0142 reprezentanta nowopowsta\u0142ego ko\u0142a PTTK w Kluczborku, wskazuj\u0105c na wzorcowe dzia\u0142anie w ramach Oddzia\u0142u. Nast\u0119pnie przybli\u017cy\u0142 gar\u015b\u0107 statystyk, opracowanych w ramach sprawozdania TK-O przez kol. Darka Ch\u0105dzi\u0144skiego. W 2024 roku Oddzia\u0142 liczy\u0142 niemal 700 cz\u0142onk\u00f3w, kt\u00f3rzy zrzeszeni w ko\u0142ach i klubach zorganizowali prawie 100 imprez i wycieczek turystycznych oraz krajoznawczych.<\/div>\n<div dir=\"auto\">Ka\u017cde podsumowanie ma tak\u017ce cz\u0119\u015b\u0107 osobist\u0105. Tak by\u0142o i tym razem. Na r\u0119ce os\u00f3b szczeg\u00f3lnie aktywnych i zaanga\u017cowanych w dzia\u0142alno\u015b\u0107 Oddzia\u0142u, zosta\u0142y wr\u0119czone dyplomy z podzi\u0119kowaniami oraz pami\u0105tkowe kalendarze.<\/div>\n<div dir=\"auto\">Niezwykle wzruszaj\u0105cy okaza\u0142 si\u0119 moment wr\u0119czenia na r\u0119ce prezesa przez kol. Krystyn\u0119 S\u0142odczyk Medalu Pami\u0105tkowego p\u0142k. piech. Wac\u0142awa Wilniewczyca, dow\u00f3dcy 74 G\u00f3rno\u015bl\u0105skiego Pu\u0142ku Piechoty wraz z pami\u0105tkow\u0105 ksi\u0119g\u0105 o historii Lubli\u0144ca oraz &#8222;dukatem lublinieckim&#8221;. Medal bez w\u0105tpienia stanowi\u0107 b\u0119dzie wspania\u0142y element &#8222;\u015bciany chwa\u0142y&#8221; w Domku Lodowym. Sk\u0142adamy serdeczne podzi\u0119kowania Stowarzyszeniu \u017bo\u0142nierzy Wojsk Specjalnych &#8222;Zjednoczeni Zwyci\u0119\u017cymy&#8221; za uhonorowanie naszego Oddzia\u0142u.<\/div>\n<div dir=\"auto\">W cz\u0119\u015bci nieoficjalnej przyst\u0105piono do skonsumowania kolacji, a tak\u017ce om\u00f3wienia plan\u00f3w na przysz\u0142o\u015b\u0107 i wymian\u0119 do\u015bwiadcze\u0144. Serdecznie dzi\u0119kujemy za udzia\u0142 w tym niezwykle wa\u017cnym dla naszego Oddzia\u0142u wydarzeniu. Liczymy, \u017ce tego typu spotkania, stanowi\u0107 b\u0119d\u0105 swoiste zacie\u015bnienie wi\u0119zi organizacyjnych pomi\u0119dzy cz\u0142onkami oddzia\u0142u, klubami i ko\u0142ami.<\/div>\n\n\n<figure class=\"wp-block-gallery has-nested-images columns-default is-cropped wp-block-gallery-1 is-layout-flex wp-block-gallery-is-layout-flex\">\n<figure class=\"wp-block-image size-large\"><img loading=\"lazy\" decoding=\"async\" width=\"1024\" height=\"769\" data-id=\"3497\" src=\"https:\/\/opole.pttk.pl\/wp-content\/uploads\/2025\/01\/1000024672-1024x769.jpg\" alt=\"\" class=\"wp-image-3497\" srcset=\"https:\/\/opole.pttk.pl\/wp-content\/uploads\/2025\/01\/1000024672-1024x769.jpg 1024w, https:\/\/opole.pttk.pl\/wp-content\/uploads\/2025\/01\/1000024672-300x225.jpg 300w, https:\/\/opole.pttk.pl\/wp-content\/uploads\/2025\/01\/1000024672-768x577.jpg 768w, https:\/\/opole.pttk.pl\/wp-content\/uploads\/2025\/01\/1000024672-1536x1154.jpg 1536w, https:\/\/opole.pttk.pl\/wp-content\/uploads\/2025\/01\/1000024672-2048x1538.jpg 2048w\" sizes=\"auto, (max-width: 1024px) 100vw, 1024px\" \/><\/figure>\n\n\n\n<figure class=\"wp-block-image size-large\"><img loading=\"lazy\" decoding=\"async\" width=\"1024\" height=\"699\" data-id=\"3495\" src=\"https:\/\/opole.pttk.pl\/wp-content\/uploads\/2025\/01\/IMG_20250124_200342-1024x699.jpg\" alt=\"\" class=\"wp-image-3495\" srcset=\"https:\/\/opole.pttk.pl\/wp-content\/uploads\/2025\/01\/IMG_20250124_200342-1024x699.jpg 1024w, https:\/\/opole.pttk.pl\/wp-content\/uploads\/2025\/01\/IMG_20250124_200342-300x205.jpg 300w, https:\/\/opole.pttk.pl\/wp-content\/uploads\/2025\/01\/IMG_20250124_200342-768x524.jpg 768w, https:\/\/opole.pttk.pl\/wp-content\/uploads\/2025\/01\/IMG_20250124_200342-1536x1049.jpg 1536w, https:\/\/opole.pttk.pl\/wp-content\/uploads\/2025\/01\/IMG_20250124_200342-2048x1398.jpg 2048w\" sizes=\"auto, (max-width: 1024px) 100vw, 1024px\" \/><\/figure>\n\n\n\n<figure class=\"wp-block-image size-large\"><img loading=\"lazy\" decoding=\"async\" width=\"1024\" height=\"769\" data-id=\"3487\" src=\"https:\/\/opole.pttk.pl\/wp-content\/uploads\/2025\/01\/IMG-20250124-WA0030-1024x769.jpg\" alt=\"\" class=\"wp-image-3487\" srcset=\"https:\/\/opole.pttk.pl\/wp-content\/uploads\/2025\/01\/IMG-20250124-WA0030-1024x769.jpg 1024w, https:\/\/opole.pttk.pl\/wp-content\/uploads\/2025\/01\/IMG-20250124-WA0030-300x225.jpg 300w, https:\/\/opole.pttk.pl\/wp-content\/uploads\/2025\/01\/IMG-20250124-WA0030-768x577.jpg 768w, https:\/\/opole.pttk.pl\/wp-content\/uploads\/2025\/01\/IMG-20250124-WA0030-1536x1154.jpg 1536w, https:\/\/opole.pttk.pl\/wp-content\/uploads\/2025\/01\/IMG-20250124-WA0030.jpg 1640w\" sizes=\"auto, (max-width: 1024px) 100vw, 1024px\" \/><\/figure>\n\n\n\n<figure class=\"wp-block-image size-large\"><img loading=\"lazy\" decoding=\"async\" width=\"1024\" height=\"768\" data-id=\"3493\" src=\"https:\/\/opole.pttk.pl\/wp-content\/uploads\/2025\/01\/IMG-20250125-WA0002-1-1024x768.jpg\" alt=\"\" class=\"wp-image-3493\" srcset=\"https:\/\/opole.pttk.pl\/wp-content\/uploads\/2025\/01\/IMG-20250125-WA0002-1-1024x768.jpg 1024w, https:\/\/opole.pttk.pl\/wp-content\/uploads\/2025\/01\/IMG-20250125-WA0002-1-300x225.jpg 300w, https:\/\/opole.pttk.pl\/wp-content\/uploads\/2025\/01\/IMG-20250125-WA0002-1-768x576.jpg 768w, https:\/\/opole.pttk.pl\/wp-content\/uploads\/2025\/01\/IMG-20250125-WA0002-1-1536x1152.jpg 1536w, https:\/\/opole.pttk.pl\/wp-content\/uploads\/2025\/01\/IMG-20250125-WA0002-1.jpg 1600w\" sizes=\"auto, (max-width: 1024px) 100vw, 1024px\" \/><\/figure>\n\n\n\n<figure class=\"wp-block-image size-large\"><img loading=\"lazy\" decoding=\"async\" width=\"1024\" height=\"768\" data-id=\"3489\" src=\"https:\/\/opole.pttk.pl\/wp-content\/uploads\/2025\/01\/IMG-20250125-WA0008-1024x768.jpg\" alt=\"\" class=\"wp-image-3489\" srcset=\"https:\/\/opole.pttk.pl\/wp-content\/uploads\/2025\/01\/IMG-20250125-WA0008-1024x768.jpg 1024w, https:\/\/opole.pttk.pl\/wp-content\/uploads\/2025\/01\/IMG-20250125-WA0008-300x225.jpg 300w, https:\/\/opole.pttk.pl\/wp-content\/uploads\/2025\/01\/IMG-20250125-WA0008-768x576.jpg 768w, https:\/\/opole.pttk.pl\/wp-content\/uploads\/2025\/01\/IMG-20250125-WA0008-1536x1152.jpg 1536w, https:\/\/opole.pttk.pl\/wp-content\/uploads\/2025\/01\/IMG-20250125-WA0008.jpg 1600w\" sizes=\"auto, (max-width: 1024px) 100vw, 1024px\" \/><\/figure>\n<\/figure>\n","protected":false},"excerpt":{"rendered":"<p>W pi\u0105tkowe popo\u0142udnie odby\u0142o si\u0119 noworoczne spotkanie przedstawicieli k\u00f3\u0142 i klub\u00f3w Oddzia\u0142u Regionalnego PTTK \u015al\u0105ska Opolskiego w Opolu. Zebranie otworzy\u0142 kol. Lucjusz Bilik, prezes Oddzia\u0142u, dzi\u0119kuj\u0105c zgromadzonym za przybycie oraz prac\u0119 na rzecz turystyki i krajoznawstwa w 2024 roku. W ciep\u0142ych s\u0142owach powita\u0142 reprezentanta nowopowsta\u0142ego ko\u0142a PTTK w Kluczborku, wskazuj\u0105c na wzorcowe dzia\u0142anie w ramach [&hellip;]<\/p>\n","protected":false},"author":1,"featured_media":3495,"comment_status":"open","ping_status":"closed","sticky":false,"template":"","format":"standard","meta":{"footnotes":""},"categories":[5,9],"tags":[],"class_list":["post-3485","post","type-post","status-publish","format-standard","has-post-thumbnail","hentry","category-aktualnosci","category-zarzad"],"_links":{"self":[{"href":"https:\/\/opole.pttk.pl\/index.php\/wp-json\/wp\/v2\/posts\/3485","targetHints":{"allow":["GET"]}}],"collection":[{"href":"https:\/\/opole.pttk.pl\/index.php\/wp-json\/wp\/v2\/posts"}],"about":[{"href":"https:\/\/opole.pttk.pl\/index.php\/wp-json\/wp\/v2\/types\/post"}],"author":[{"embeddable":true,"href":"https:\/\/opole.pttk.pl\/index.php\/wp-json\/wp\/v2\/users\/1"}],"replies":[{"embeddable":true,"href":"https:\/\/opole.pttk.pl\/index.php\/wp-json\/wp\/v2\/comments?post=3485"}],"version-history":[{"count":2,"href":"https:\/\/opole.pttk.pl\/index.php\/wp-json\/wp\/v2\/posts\/3485\/revisions"}],"predecessor-version":[{"id":3501,"href":"https:\/\/opole.pttk.pl\/index.php\/wp-json\/wp\/v2\/posts\/3485\/revisions\/3501"}],"wp:featuredmedia":[{"embeddable":true,"href":"https:\/\/opole.pttk.pl\/index.php\/wp-json\/wp\/v2\/media\/3495"}],"wp:attachment":[{"href":"https:\/\/opole.pttk.pl\/index.php\/wp-json\/wp\/v2\/media?parent=3485"}],"wp:term":[{"taxonomy":"category","embeddable":true,"href":"https:\/\/opole.pttk.pl\/index.php\/wp-json\/wp\/v2\/categories?post=3485"},{"taxonomy":"post_tag","embeddable":true,"href":"https:\/\/opole.pttk.pl\/index.php\/wp-json\/wp\/v2\/tags?post=3485"}],"curies":[{"name":"wp","href":"https:\/\/api.w.org\/{rel}","templated":true}]}}