{"id":3543,"date":"2025-01-29T08:33:07","date_gmt":"2025-01-29T07:33:07","guid":{"rendered":"https:\/\/opole.pttk.pl\/?p=3543"},"modified":"2025-01-29T08:34:10","modified_gmt":"2025-01-29T07:34:10","slug":"spotkanie-autorskie-leksykon-opolanek","status":"publish","type":"post","link":"https:\/\/opole.pttk.pl\/index.php\/2025\/01\/29\/spotkanie-autorskie-leksykon-opolanek\/","title":{"rendered":"Spotkanie autorskie &#8211; Leksykon opolanek"},"content":{"rendered":"<p><span class=\"html-span xdj266r x11i5rnm xat24cr x1mh8g0r xexx8yu x4uap5 x18d9i69 xkhd6sd x1hl2dhg x16tdsg8 x1vvkbs\"><span class=\"xt0psk2\"><span class=\"xjp7ctv\"><span aria-describedby=\":rbe:\">Oddzia\u0142 Regionalny PTTK \u015al\u0105ska Opol<\/span><\/span><\/span><span class=\"xt0psk2\"><span class=\"xjp7ctv\"><span aria-describedby=\":rbe:\">skiego<\/span><\/span><\/span><\/span>\u00a0Opolski Klub Krajoznawc\u00f3w, <span class=\"html-span xdj266r x11i5rnm xat24cr x1mh8g0r xexx8yu x4uap5 x18d9i69 xkhd6sd x1hl2dhg x16tdsg8 x1vvkbs\"><span class=\"xt0psk2\"><span aria-describedby=\":rbd:\">Stowarzyszenie ROD\u0141O Opole<\/span><\/span><\/span>, zapraszaj\u0105 na spotkanie z redaktorkami ksi\u0105\u017cki &#8222;Leksykon opolanek&#8221; prof. dr hab.\u00a0<span class=\"html-span xdj266r x11i5rnm xat24cr x1mh8g0r xexx8yu x4uap5 x18d9i69 xkhd6sd x1hl2dhg x16tdsg8 x1vvkbs\"><span class=\"xt0psk2\"><span class=\"xjp7ctv\"><span aria-describedby=\":rbh:\">Anna Pob\u00f3g-Lenartowicz<\/span><\/span><\/span><\/span>, dr\u00a0<span class=\"html-span xdj266r x11i5rnm xat24cr x1mh8g0r xexx8yu x4uap5 x18d9i69 xkhd6sd x1hl2dhg x16tdsg8 x1vvkbs\"><span class=\"xt0psk2\"><span class=\"xjp7ctv\"><span aria-describedby=\":rbi:\">Aleksandra Starczewska-Wojnar<\/span><\/span><\/span><\/span>\u00a0i\u00a0<span class=\"html-span xdj266r x11i5rnm xat24cr x1mh8g0r xexx8yu x4uap5 x18d9i69 xkhd6sd x1hl2dhg x16tdsg8 x1vvkbs\"><span class=\"xt0psk2\"><span class=\"xjp7ctv\"><span aria-describedby=\":rbj:\">Katarzyna Mazur-Kulesza<\/span><\/span><\/span><\/span><\/p>\n<p style=\"text-align: center;\">Spotkanie odb\u0119dzie si\u0119 <strong>3 lutego 2025 r., o godz. 16.30<\/strong> w\u00a0<span class=\"html-span xdj266r x11i5rnm xat24cr x1mh8g0r xexx8yu x4uap5 x18d9i69 xkhd6sd x1hl2dhg x16tdsg8 x1vvkbs\"><span class=\"xt0psk2\"><span class=\"xjp7ctv\"><span aria-describedby=\":rbk:\">Centrum Dialogu Obywatelskiego<\/span><\/span><\/span><\/span><\/p>\n","protected":false},"excerpt":{"rendered":"<p>Oddzia\u0142 Regionalny PTTK \u015al\u0105ska Opolskiego\u00a0Opolski Klub Krajoznawc\u00f3w, Stowarzyszenie ROD\u0141O Opole, zapraszaj\u0105 na spotkanie z redaktorkami ksi\u0105\u017cki &#8222;Leksykon opolanek&#8221; prof. dr hab.\u00a0Anna Pob\u00f3g-Lenartowicz, dr\u00a0Aleksandra Starczewska-Wojnar\u00a0i\u00a0Katarzyna Mazur-Kulesza Spotkanie odb\u0119dzie si\u0119 3 lutego 2025 r., o godz. 16.30 w\u00a0Centrum Dialogu Obywatelskiego<\/p>\n","protected":false},"author":1,"featured_media":3545,"comment_status":"open","ping_status":"closed","sticky":false,"template":"","format":"standard","meta":{"footnotes":""},"categories":[5,37],"tags":[],"class_list":["post-3543","post","type-post","status-publish","format-standard","has-post-thumbnail","hentry","category-aktualnosci","category-opolski-klub-krajoznawcow"],"_links":{"self":[{"href":"https:\/\/opole.pttk.pl\/index.php\/wp-json\/wp\/v2\/posts\/3543","targetHints":{"allow":["GET"]}}],"collection":[{"href":"https:\/\/opole.pttk.pl\/index.php\/wp-json\/wp\/v2\/posts"}],"about":[{"href":"https:\/\/opole.pttk.pl\/index.php\/wp-json\/wp\/v2\/types\/post"}],"author":[{"embeddable":true,"href":"https:\/\/opole.pttk.pl\/index.php\/wp-json\/wp\/v2\/users\/1"}],"replies":[{"embeddable":true,"href":"https:\/\/opole.pttk.pl\/index.php\/wp-json\/wp\/v2\/comments?post=3543"}],"version-history":[{"count":2,"href":"https:\/\/opole.pttk.pl\/index.php\/wp-json\/wp\/v2\/posts\/3543\/revisions"}],"predecessor-version":[{"id":3549,"href":"https:\/\/opole.pttk.pl\/index.php\/wp-json\/wp\/v2\/posts\/3543\/revisions\/3549"}],"wp:featuredmedia":[{"embeddable":true,"href":"https:\/\/opole.pttk.pl\/index.php\/wp-json\/wp\/v2\/media\/3545"}],"wp:attachment":[{"href":"https:\/\/opole.pttk.pl\/index.php\/wp-json\/wp\/v2\/media?parent=3543"}],"wp:term":[{"taxonomy":"category","embeddable":true,"href":"https:\/\/opole.pttk.pl\/index.php\/wp-json\/wp\/v2\/categories?post=3543"},{"taxonomy":"post_tag","embeddable":true,"href":"https:\/\/opole.pttk.pl\/index.php\/wp-json\/wp\/v2\/tags?post=3543"}],"curies":[{"name":"wp","href":"https:\/\/api.w.org\/{rel}","templated":true}]}}