{"id":3591,"date":"2025-02-05T13:52:47","date_gmt":"2025-02-05T12:52:47","guid":{"rendered":"https:\/\/opole.pttk.pl\/?p=3591"},"modified":"2025-02-07T08:02:22","modified_gmt":"2025-02-07T07:02:22","slug":"poznan-z-trampem","status":"publish","type":"post","link":"https:\/\/opole.pttk.pl\/index.php\/2025\/02\/05\/poznan-z-trampem\/","title":{"rendered":"Pozna\u0144 z Trampem"},"content":{"rendered":"<h3>Program rajdu:<\/h3>\n<p><em><strong><u>1 dzie\u0144 &#8211; 01.05.2025<\/u> r.<\/strong><\/em> &#8211; Wyjazd z Opola\u00a0 &#8211; Malinka &#8211; ul. Wiejska\/Ozimska (przystanek MZK) &#8211;\u00a0\u00a0 godz. 6:30, ul. Armii Krajowej-Wiadukt &#8211;\u00a0 godz. 6:45 , &#8211; \u00a0przez Kluczbork, Ostr\u00f3w Wielkopolski, Jarocin do K\u00f3rnika. Zwiedzanie Zamku w K\u00f3rniku z Przewodnikiem, spacer po parku, czas wolny. Przejazd do Rogalina. Zwiedzanie Pa\u0142acu w Rogalinie. Spacer po parku. Przejazd do Poznania, zakwaterowanie, obiadokolacja<\/p>\n<p><em><strong><u>2 dzie\u0144 \u2013 02.05.2025 r<\/u>.<\/strong><\/em> \u00a0&#8211;\u00a0 \u015aniadanie .\u00a0 Ca\u0142odzienne zwiedzanie z Przewodnikiem Poznania. W programie: Katedra z grobami Pierwszych Piast\u00f3w, Stary Rynek z Ratuszem, Wzg\u00f3rze Przemys\u0142awa, Mury Miejskie, Pozna\u0144skie Kozio\u0142ki, Dzielnica Cesarska, Galeria Architektury, Palmiarnia\u00a0 i inne.\u00a0 Obiadokolacja<\/p>\n<p><em><strong><u>3 dzie\u0144 \u2013 03.05.2025 r<\/u>.<\/strong><\/em> \u015aniadanie.\u00a0 Wyjazd na tras\u0119 z Przewodnikiem \u2013 Ostr\u00f3w Lednicki \u2013 Gniezno \u2013 Biskupin \u2013 Szlak Piastowski. \u00a0Obiadokolacja.<\/p>\n<p><em><strong><u style=\"color: initial;\">4 dzie\u0144 &#8211; 04.05.2025 r.<\/u><\/strong><\/em><span style=\"color: initial;\"> &#8211;\u00a0 \u015aniadanie. Wykwaterowanie. Wyjazd do Go\u0142uchowa . Zwiedzanie Zamku w Go\u0142uchowie z Przewodnikiem. Przejazd do Kalisza . Czas wolny na zwiedzanie miasta. Powr\u00f3t do Opola\u00a0<\/span><\/p>\n<p>Koszt uczestnictwa:<strong>\u00a0 <\/strong><\/p>\n<p><strong>&#8211; dla os\u00f3b uprawnionych do zni\u017cek(uko\u0144czone 65 lat) &#8211; 950 z\u0142.\u00a0 <\/strong><\/p>\n<p><strong>&#8211; dla pozosta\u0142ych os\u00f3b &#8211; 980 z\u0142.<\/strong><\/p>\n<p>Rajd tylko dla cz\u0142onk\u00f3w PTTK. <strong>\u00a0<\/strong>Pierwsze\u0144stwo zapisu na wycieczk\u0119\u00a0 maj\u0105 cz\u0142onkowie KT PTTK\u00a0\u201eTRAMP\u201d.<strong>\u00a0\u00a0\u00a0\u00a0\u00a0\u00a0\u00a0\u00a0\u00a0\u00a0\u00a0\u00a0\u00a0\u00a0\u00a0\u00a0\u00a0\u00a0\u00a0\u00a0 <\/strong><\/p>\n<p><strong>\u00a0Zapisy\u00a0 wraz z zaliczk\u0105\u00a0 250 z\u0142\u00a0\u00a0 przyjmowane b\u0119d\u0105 w ka\u017cdy czwartek w godz. 15 &#8211; 17 w biurze Oddzia\u0142u w Domku Lodowym , Opole ul. Barlickiego 2 A, .Osoby , kt\u00f3re zapisa\u0142y si\u0119 wcze\u015bniej \u2013 proszone s\u0105 o wp\u0142at\u0119 zaliczki do 01 marca br.\u00a0 .\u00a0 Brak wp\u0142aty skutkowa\u0107 b\u0119dzie wykre\u015bleniem z listy uczestnik\u00f3w rajdu.\u00a0\u00a0\u00a0\u00a0 Pozosta\u0142\u0105 kwot\u0119 nale\u017cy wp\u0142aci\u0107 do 10 kwietnia 2025 r. osobi\u015bcie lub na konto ORPTTK SO\u00a0 20 1240 3103 1111 0000 3486 0713 z tytu\u0142em przelewu \u2013Pozna\u0144 \u2013podaj\u0105c dane kontaktowe, \u00a0Nr telefonu).<\/strong><\/p>\n<p><u>Uwaga:\u00a0 W przypadku rezygnacji z\u00a0uczestnictwa w\u00a0 wycieczce po 15 kwietnia\u00a0 2025 r. wp\u0142ata za rajd nie b\u0119dzie zwracana<\/u><\/p>\n<p><strong><u>\u015awiadczenia:<\/u><\/strong><strong>\u00a0 <\/strong><\/p>\n<ul>\n<li><strong>przejazd autokarem tam i z powrotem oraz dojazdy na trasy<\/strong><\/li>\n<li><strong>3 noclegi ( pokoje z \u0142azienkami), Pozna\u0144. Hotel Lechicka.<\/strong><\/li>\n<li><strong>posi\u0142ki ( 3 \u015bniadania i 3 obiadokolacje),<\/strong><\/li>\n<li><strong>bilety wst\u0119pu\u00a0 do zwiedzanych obiekt\u00f3w, przewodnicy, <\/strong>\u00a0ubezpieczenie NNW, znaczek rajdowy<\/li>\n<\/ul>\n<p>Przed zapisaniem si\u0119 na wycieczk\u0119 nale\u017cy zapozna\u0107 si\u0119 z jej \u00a0warunkami i programem. <strong>Wycieczka \u00a0odb\u0119dzie si\u0119 bez wzgl\u0119du na pogod\u0119, <\/strong><strong>Podczas wyjazdu wszystkie problemy nale\u017cy zg\u0142asza\u0107 do osoby prowadz\u0105cej\u00a0 wycieczk\u0119.\u00a0 Organizator zastrzega sobie prawo do zmiany programu wycieczki , lub odwo\u0142ania z przyczyn niezale\u017cnych od organizatora.<\/strong><strong> Ka\u017cdy uczestnik bierze udzia\u0142 w\u00a0wycieczce na w\u0142asne ryzyko i\u00a0odpowiedzialno\u015b\u0107.<\/strong> . Uczestnictwo w wycieczce nale\u017cy dostosowa\u0107 do swoich zainteresowa\u0144 oraz mo\u017cliwo\u015bci fizycznych i zdrowotnych<\/p>\n<p><strong>\u00a0Uczestnik wycieczki powinien posiada\u0107 odpowiedni ekwipunek turystyczny (w\u0142a\u015bciwy ubi\u00f3r i obuwie), <u>dokument to\u017csamo\u015bci (dow\u00f3d osobisty lub paszport), legitymacj\u0119 PTTK z op\u0142acon\u0105 sk\u0142adk\u0105 cz\u0142onkowsk\u0105 na 2025 r.<\/u>\u00a0\u00a0\u00a0\u00a0\u00a0\u00a0\u00a0\u00a0\u00a0\u00a0\u00a0\u00a0\u00a0\u00a0\u00a0\u00a0\u00a0\u00a0\u00a0\u00a0\u00a0\u00a0\u00a0 <u>\u00a0<\/u><\/strong><\/p>\n<p><strong>Wniesienie op\u0142aty na wycieczk\u0119 jest jednoznaczne z akceptacj\u0105 zapis\u00f3w niniejszego regulaminu. <\/strong>\u00a0Uczestnik rajdu obowi\u0105zany jest przestrzega\u0107 og\u00f3lnych &#8211; obowi\u0105zuj\u0105cych w czasie trwania rajdu &#8211; zasad sanitarnych.<\/p>\n<p>Kierownictwo rajdu:\u00a0 Andrzej Kubiczek , Helena Kubiczek<\/p>\n<p>Dodatkowe informacje : Andrzej Kubiczek tel. + 48\u00a0889\u00a0990\u00a0995<\/p>\n<p>Do mi\u0142ego spotkania .\u00a0\u00a0 Organizatorzy<\/p>\n","protected":false},"excerpt":{"rendered":"<p>Program rajdu: 1 dzie\u0144 &#8211; 01.05.2025 r. &#8211; Wyjazd z Opola\u00a0 &#8211; Malinka &#8211; ul. Wiejska\/Ozimska (przystanek MZK) &#8211;\u00a0\u00a0 godz. 6:30, ul. Armii Krajowej-Wiadukt &#8211;\u00a0 godz. 6:45 , &#8211; \u00a0przez Kluczbork, Ostr\u00f3w Wielkopolski, Jarocin do K\u00f3rnika. Zwiedzanie Zamku w K\u00f3rniku z Przewodnikiem, spacer po parku, czas wolny. Przejazd do Rogalina. Zwiedzanie Pa\u0142acu w Rogalinie. Spacer [&hellip;]<\/p>\n","protected":false},"author":1,"featured_media":3639,"comment_status":"open","ping_status":"closed","sticky":false,"template":"","format":"standard","meta":{"footnotes":""},"categories":[5,33],"tags":[],"class_list":["post-3591","post","type-post","status-publish","format-standard","has-post-thumbnail","hentry","category-aktualnosci","category-tramp"],"_links":{"self":[{"href":"https:\/\/opole.pttk.pl\/index.php\/wp-json\/wp\/v2\/posts\/3591","targetHints":{"allow":["GET"]}}],"collection":[{"href":"https:\/\/opole.pttk.pl\/index.php\/wp-json\/wp\/v2\/posts"}],"about":[{"href":"https:\/\/opole.pttk.pl\/index.php\/wp-json\/wp\/v2\/types\/post"}],"author":[{"embeddable":true,"href":"https:\/\/opole.pttk.pl\/index.php\/wp-json\/wp\/v2\/users\/1"}],"replies":[{"embeddable":true,"href":"https:\/\/opole.pttk.pl\/index.php\/wp-json\/wp\/v2\/comments?post=3591"}],"version-history":[{"count":9,"href":"https:\/\/opole.pttk.pl\/index.php\/wp-json\/wp\/v2\/posts\/3591\/revisions"}],"predecessor-version":[{"id":3641,"href":"https:\/\/opole.pttk.pl\/index.php\/wp-json\/wp\/v2\/posts\/3591\/revisions\/3641"}],"wp:featuredmedia":[{"embeddable":true,"href":"https:\/\/opole.pttk.pl\/index.php\/wp-json\/wp\/v2\/media\/3639"}],"wp:attachment":[{"href":"https:\/\/opole.pttk.pl\/index.php\/wp-json\/wp\/v2\/media?parent=3591"}],"wp:term":[{"taxonomy":"category","embeddable":true,"href":"https:\/\/opole.pttk.pl\/index.php\/wp-json\/wp\/v2\/categories?post=3591"},{"taxonomy":"post_tag","embeddable":true,"href":"https:\/\/opole.pttk.pl\/index.php\/wp-json\/wp\/v2\/tags?post=3591"}],"curies":[{"name":"wp","href":"https:\/\/api.w.org\/{rel}","templated":true}]}}