{"id":3843,"date":"2025-02-24T08:39:48","date_gmt":"2025-02-24T07:39:48","guid":{"rendered":"https:\/\/opole.pttk.pl\/?p=3843"},"modified":"2025-02-24T08:43:27","modified_gmt":"2025-02-24T07:43:27","slug":"3843","status":"publish","type":"post","link":"https:\/\/opole.pttk.pl\/index.php\/2025\/02\/24\/3843\/","title":{"rendered":"Beskid \u017bywiecki"},"content":{"rendered":"\n<figure class=\"wp-block-image\"><img decoding=\"async\" src=\"blob:https:\/\/opole.pttk.pl\/39fe2d0a-ff20-4174-bee3-374c402fb094\" alt=\"\"\/><\/figure>\n\n\n<p><strong>Program rajdu:\u00a0\u00a0 <\/strong><\/p>\n<p><strong><u>1 dzie\u0144 &#8211; 19.06.2025<\/u> r.<\/strong> <strong>&#8211;<\/strong> Wyjazd z Opola\u00a0 &#8211; Malinka &#8211; ul. Wiejska\/Ozimska (przystanek MZK) &#8211;\u00a0\u00a0 godz. 6:20, ul. Armii Krajowej-Wiadukt &#8211; \u00a0godz. 6:30 , &#8211; \u00a0przez Strzelce Opolskie, Bielsko-Bia\u0142a do Rycerki G\u00f3rnej Roztoki sk\u0105d wyj\u015bcie na tras\u0119:\u00a0Rycerka Roztoki &#8211; Wielka Racza 1236m. n.p.m. \u2013 Schronisko PTTK \u2013 Rycerka Roztoki. D\u0142ugo\u015b\u0107 trasy \u2013 11 km, czas przej\u015bcia 4,50 godz.<\/p>\n<p>Przejazd do Rycerki Dolnej. Zakwaterowanie. Obiadokolacja<\/p>\n<p><strong><u>2 Dzie\u0144 \u2013 20.06.2025 r<\/u>. <\/strong><\/p>\n<p>I wariant. \u015aniadanie. Rycerka Dolna \u2013 Praszywka Wielka \u2013 Prze\u0142\u0119cz Przys\u0142\u00f3p Pot\u00f3cki \u2013 Bendoszka Wielka \u2013 1144m. n.p.m. \u2013 Schronisko PTTK Przegibek \u2013 Rycerka Roztoki. D\u0142ugo\u015b\u0107 trasy \u2013 12.5 km, czas przej\u015bcia 5 godz. Obiadokolacja<\/p>\n<p>II wariant. \u015aniadanie. Rycerka Dolna &#8211; Rycerki \u2013 Baza namiotowa Przys\u0142\u00f3p Pot\u00f3cki \u2013 Bendoszka Wielka -1144m.n.p.m. \u2013 Schronisko PTTK Przegibek \u2013 Rycerka Roztoki. D\u0142ugo\u015b\u0107 trasy \u2013 11,5\u00a0 km, czas przej\u015bcia 3,50 godz. Obiadokolacja.<\/p>\n<p><strong><u>3 Dzie\u0144 \u2013 21.06.2025 r<\/u>. <\/strong><\/p>\n<p>I wariant. \u015aniadanie.\u00a0 Z\u0142atna.- Hala Rysianka Schronisko PTTK \u2013 Schronisko PTTK na Hali Lipowskiej \u2013 Pod Lipowskim Wierchem \u2013 Polana Cukiernica \u2013 Hala Boracza Schronisko PTTK \u2013 \u017babnica Ska\u0142ka.\u00a0 D\u0142ugo\u015b\u0107 trasy \u2013 13,5\u00a0 km, czas przej\u015bcia 4,15 godz. Obiadokolacja.\u00a0\u00a0\u00a0\u00a0\u00a0\u00a0\u00a0\u00a0\u00a0\u00a0\u00a0\u00a0\u00a0<\/p>\n<p>II wariant. \u00a0\u015aniadanie.\u00a0 Z\u0142atna &#8211; Hala Rysianka Schronisko PTTK\u00a0 Hala Pawlusia \u2013 \u017babnica Ska\u0142ka.\u00a0 D\u0142ugo\u015b\u0107 trasy \u2013 10,7 km, czas przej\u015bcia 3,35 godz. Obiadokolacja.<\/p>\n<p><strong><u>4 Dzie\u0144 &#8211; 22.06.2025 r.<\/u><\/strong> &#8211;\u00a0 \u015aniadanie. Wykwaterowanie. Wyjazd na S\u0142owacj\u0119 do miejscowo\u015bci Oravsky Podzamok gdzie zwiedzimy \u00a0jeden z najpi\u0119kniejszych zamk\u00f3w S\u0142owacji \u2013 Zamek Orawski.\u00a0\u00a0\u00a0 Bilety wst\u0119pu uczestnik rajdu nabywa we w\u0142asnym zakresie. Ceny (orientacyjne \u2013 bilet normalny\u00a0\u00a0 9 ( EURO), ulgowy (osoby powy\u017cej 60 lat) \u2013 4,50 EURO. Czas wolny. Powr\u00f3t do Opola.<\/p>\n<p><strong>Koszt uczestnictwa:<\/strong><strong>\u00a0 &#8211; 600<\/strong><strong> z\u0142<\/strong><strong>.\u00a0 \u00a0\u00a0\u00a0\u00a0\u00a0\u00a0\u00a0\u00a0\u00a0\u00a0\u00a0<\/strong><\/p>\n<p><strong>Rajd tylko dla cz\u0142onk\u00f3w PTTK.<\/strong> <strong>\u00a0<\/strong>Pierwsze\u0144stwo zapisu na rajd\u00a0 maj\u0105 cz\u0142onkowie KT PTTK &#8222;TRAMP\u201d.<strong>\u00a0\u00a0\u00a0\u00a0\u00a0\u00a0\u00a0\u00a0\u00a0\u00a0\u00a0\u00a0\u00a0\u00a0\u00a0\u00a0\u00a0\u00a0\u00a0\u00a0 <\/strong><\/p>\n<p><strong>\u00a0<\/strong><strong>Zapisy\u00a0 wraz z <\/strong><strong>zaliczk\u0105\u00a0 250 z\u0142<\/strong><strong>\u00a0\u00a0 przyjmowane b\u0119d\u0105 w ka\u017cdy czwartek w godz. 15 &#8211; 17 w biurze Oddzia\u0142u w Domku Lodowym , Opole ul. Barlickiego 2 A, .Osoby , kt\u00f3re zapisa\u0142y si\u0119 wcze\u015bniej \u2013 proszone s\u0105 o wp\u0142at\u0119 <\/strong><strong>zaliczki do 20 marca br.<\/strong><strong>\u00a0 .\u00a0 Brak wp\u0142aty skutkowa\u0107 b\u0119dzie wykre\u015bleniem z listy uczestnik\u00f3w rajdu.\u00a0\u00a0\u00a0\u00a0 Pozosta\u0142\u0105 kwot\u0119 nale\u017cy wp\u0142aci\u0107 do 03 czerwca 2025 r. osobi\u015bcie lub na konto ORPTTK SO\u00a0 20 1240 3103 1111 0000 3486 0713 z tytu\u0142em przelewu \u2013Beskid \u017bywiecki \u2013podaj\u0105c dane kontaktowe, \u00a0Nr telefonu).<\/strong><\/p>\n<p><strong><u>Uwaga:\u00a0 W przypadku rezygnacji z\u00a0uczestnictwa w\u00a0 wycieczce po 15 czerwca\u00a0 2025 r. wp\u0142ata za rajd nie b\u0119dzie zwracana<\/u><\/strong><\/p>\n<p><strong><u>\u015awiadczenia:\u00a0\u00a0\u00a0 &#8211;<\/u><\/strong><strong>\u00a0 przejazd autokarem tam i z powrotem oraz dojazdy na trasy<\/strong><\/p>\n<p><strong>&#8211;\u00a0 3 noclegi ( pokoje z \u0142azienkami),O\u015brodek Wypoczynkowy Rycerka w Rycerce Dolnej<\/strong><\/p>\n<p><strong>&#8211;\u00a0\u00a0 posi\u0142ki ( 3 \u015bniadania i 3 obiadokolacje),<\/strong><\/p>\n<p><strong>&#8211;\u00a0\u00a0 opieka przodownika GOT na trasie,<\/strong><strong> ubezpieczenie NNW<\/strong><\/p>\n<p><strong>Przed zapisaniem si\u0119 na Rajd nale\u017cy zapozna\u0107 si\u0119 z jego \u00a0warunkami i programem. <\/strong><strong>Rajd odb\u0119dzie si\u0119 bez wzgl\u0119du na pogod\u0119, <\/strong><strong>Podczas wyjazdu wszystkie problemy nale\u017cy zg\u0142asza\u0107 do osoby prowadz\u0105cej Rajd.\u00a0 Organizator zastrzega sobie prawo do zmiany programu Rajdu , lub odwo\u0142ania z przyczyn niezale\u017cnych od organizatora.<\/strong><strong> Ka\u017cdy uczestnik bierze udzia\u0142 w Rajdzie na w\u0142asne ryzyko i\u00a0odpowiedzialno\u015b\u0107.<\/strong><strong> . Uczestnictwo w Rajdzie nale\u017cy dostosowa\u0107 do swoich zainteresowa\u0144 oraz mo\u017cliwo\u015bci fizycznych i zdrowotnych<\/strong><\/p>\n<p><strong>\u00a0<\/strong><strong>Uczestnik Rajdu powinien posiada\u0107 odpowiedni ekwipunek turystyczny (w\u0142a\u015bciwy ubi\u00f3r i obuwie do w\u0119dr\u00f3wek g\u00f3rskich), <u>dokument to\u017csamo\u015bci (dow\u00f3d osobisty lub paszport), legitymacj\u0119 PTTK z op\u0142acon\u0105 sk\u0142adk\u0105 cz\u0142onkowsk\u0105 na 2025 r.<\/u>\u00a0\u00a0\u00a0\u00a0\u00a0\u00a0\u00a0\u00a0\u00a0\u00a0\u00a0\u00a0\u00a0\u00a0\u00a0\u00a0\u00a0\u00a0\u00a0\u00a0\u00a0\u00a0\u00a0 <u>\u00a0<\/u><\/strong><\/p>\n<p><strong>Wniesienie op\u0142aty na Rajd jest jednoznaczne z akceptacj\u0105 zapis\u00f3w niniejszego regulaminu. <\/strong><strong>\u00a0<\/strong><\/p>\n<p><strong>Kierownictwo rajdu:\u00a0 Andrzej Kubiczek , Helena Kubiczek<\/strong><\/p>\n<p><strong>Dodatkowe informacje : Andrzej Kubiczek tel. + 48\u00a0889\u00a0990\u00a0995<\/strong><\/p>\n<p style=\"text-align: right;\"><strong>\u00a0\u00a0\u00a0\u00a0\u00a0\u00a0\u00a0\u00a0\u00a0 \u00a0\u00a0\u00a0\u00a0\u00a0\u00a0\u00a0\u00a0\u00a0\u00a0\u00a0\u00a0\u00a0\u00a0\u00a0\u00a0\u00a0\u00a0\u00a0\u00a0\u00a0\u00a0\u00a0\u00a0\u00a0\u00a0\u00a0\u00a0\u00a0\u00a0\u00a0\u00a0\u00a0\u00a0\u00a0\u00a0\u00a0\u00a0\u00a0\u00a0\u00a0\u00a0\u00a0\u00a0\u00a0\u00a0\u00a0Do mi\u0142ego spotkania .\u00a0\u00a0 Organizatorzy<\/strong><\/p>","protected":false},"excerpt":{"rendered":"<p>Program rajdu:\u00a0\u00a0 1 dzie\u0144 &#8211; 19.06.2025 r. &#8211; Wyjazd z Opola\u00a0 &#8211; Malinka &#8211; ul. Wiejska\/Ozimska (przystanek MZK) &#8211;\u00a0\u00a0 godz. 6:20, ul. Armii Krajowej-Wiadukt &#8211; \u00a0godz. 6:30 , &#8211; \u00a0przez Strzelce Opolskie, Bielsko-Bia\u0142a do Rycerki G\u00f3rnej Roztoki sk\u0105d wyj\u015bcie na tras\u0119:\u00a0Rycerka Roztoki &#8211; Wielka Racza 1236m. n.p.m. \u2013 Schronisko PTTK \u2013 Rycerka Roztoki. D\u0142ugo\u015b\u0107 trasy [&hellip;]<\/p>\n","protected":false},"author":1,"featured_media":3847,"comment_status":"open","ping_status":"closed","sticky":false,"template":"","format":"standard","meta":{"footnotes":""},"categories":[5,33],"tags":[],"class_list":["post-3843","post","type-post","status-publish","format-standard","has-post-thumbnail","hentry","category-aktualnosci","category-tramp"],"_links":{"self":[{"href":"https:\/\/opole.pttk.pl\/index.php\/wp-json\/wp\/v2\/posts\/3843","targetHints":{"allow":["GET"]}}],"collection":[{"href":"https:\/\/opole.pttk.pl\/index.php\/wp-json\/wp\/v2\/posts"}],"about":[{"href":"https:\/\/opole.pttk.pl\/index.php\/wp-json\/wp\/v2\/types\/post"}],"author":[{"embeddable":true,"href":"https:\/\/opole.pttk.pl\/index.php\/wp-json\/wp\/v2\/users\/1"}],"replies":[{"embeddable":true,"href":"https:\/\/opole.pttk.pl\/index.php\/wp-json\/wp\/v2\/comments?post=3843"}],"version-history":[{"count":4,"href":"https:\/\/opole.pttk.pl\/index.php\/wp-json\/wp\/v2\/posts\/3843\/revisions"}],"predecessor-version":[{"id":3859,"href":"https:\/\/opole.pttk.pl\/index.php\/wp-json\/wp\/v2\/posts\/3843\/revisions\/3859"}],"wp:featuredmedia":[{"embeddable":true,"href":"https:\/\/opole.pttk.pl\/index.php\/wp-json\/wp\/v2\/media\/3847"}],"wp:attachment":[{"href":"https:\/\/opole.pttk.pl\/index.php\/wp-json\/wp\/v2\/media?parent=3843"}],"wp:term":[{"taxonomy":"category","embeddable":true,"href":"https:\/\/opole.pttk.pl\/index.php\/wp-json\/wp\/v2\/categories?post=3843"},{"taxonomy":"post_tag","embeddable":true,"href":"https:\/\/opole.pttk.pl\/index.php\/wp-json\/wp\/v2\/tags?post=3843"}],"curies":[{"name":"wp","href":"https:\/\/api.w.org\/{rel}","templated":true}]}}