{"id":4267,"date":"2025-04-01T07:29:36","date_gmt":"2025-04-01T05:29:36","guid":{"rendered":"https:\/\/opole.pttk.pl\/?p=4267"},"modified":"2025-04-01T07:50:13","modified_gmt":"2025-04-01T05:50:13","slug":"czysta-odra","status":"publish","type":"post","link":"https:\/\/opole.pttk.pl\/index.php\/2025\/04\/01\/czysta-odra\/","title":{"rendered":"Czysta Odra"},"content":{"rendered":"\n<figure class=\"wp-block-gallery has-nested-images columns-default is-cropped wp-block-gallery-1 is-layout-flex wp-block-gallery-is-layout-flex\">\n<figure class=\"wp-block-image size-large\"><img loading=\"lazy\" decoding=\"async\" width=\"900\" height=\"675\" data-id=\"4273\" src=\"https:\/\/opole.pttk.pl\/wp-content\/uploads\/2025\/04\/odra.jpg\" alt=\"\" class=\"wp-image-4273\" srcset=\"https:\/\/opole.pttk.pl\/wp-content\/uploads\/2025\/04\/odra.jpg 900w, https:\/\/opole.pttk.pl\/wp-content\/uploads\/2025\/04\/odra-300x225.jpg 300w, https:\/\/opole.pttk.pl\/wp-content\/uploads\/2025\/04\/odra-768x576.jpg 768w\" sizes=\"auto, (max-width: 900px) 100vw, 900px\" \/><\/figure>\n\n\n\n<figure class=\"wp-block-image size-large\"><img loading=\"lazy\" decoding=\"async\" width=\"900\" height=\"584\" data-id=\"4287\" src=\"https:\/\/opole.pttk.pl\/wp-content\/uploads\/2025\/04\/Odra-2.jpg\" alt=\"\" class=\"wp-image-4287\" srcset=\"https:\/\/opole.pttk.pl\/wp-content\/uploads\/2025\/04\/Odra-2.jpg 900w, https:\/\/opole.pttk.pl\/wp-content\/uploads\/2025\/04\/Odra-2-300x195.jpg 300w, https:\/\/opole.pttk.pl\/wp-content\/uploads\/2025\/04\/Odra-2-768x498.jpg 768w\" sizes=\"auto, (max-width: 900px) 100vw, 900px\" \/><\/figure>\n<\/figure>\n\n\n<p>Opolski Klub Przyrodnik\u00f3w BOLKO przyst\u0119puje do Akcji Czysta Odra. Akcja Czysta Odra to najwi\u0119ksza akcja ekologiczna w Polsce, kt\u00f3ra od 2022 roku odbywa si\u0119 na ca\u0142ym odcinku Odry, od jej \u017ar\u00f3d\u0142a na czeskich Morawach, do uj\u015bcia w Ba\u0142tyku. Co roku na prze\u0142omie kwietnia i maja\u00a0 sprz\u0105tania tej drugiej co do wielko\u015bci polskiej rzeki anga\u017cuj\u0105 wiele os\u00f3b, \u0142\u0105cznie bierze w nich udzia\u0142 ponad tysi\u0105c uczestnik\u00f3w. Poniewa\u017c Odra jest\u00a0 rzek\u0105 integracji, kt\u00f3ra p\u0142ynie przez terytorium Polski, Czech i Niemiec, akcje sprz\u0105tania odbywaj\u0105 si\u0119 we wszystkich tych krajach czyni\u0105c z Akcji Czysta Odra unikatowe mi\u0119dzynarodowe wydarzenie ekologiczne.\u00a0\u00a0Ka\u017cdy, komu dobro Odry nie jest oboj\u0119tne, mo\u017ce zg\u0142osi\u0107 ch\u0119\u0107 organizacji akcji lokalnej sprz\u0105tania Odry, jej brzeg\u00f3w lub dop\u0142yw\u00f3w w okre\u015blonej przez siebie formule i dowolnej grupy os\u00f3b zg\u0142aszaj\u0105c si\u0119 do Akcji Czysta Odra. Zapraszamy do akcji kole\u017canki i koleg\u00f3w z klub\u00f3w i k\u00f3\u0142 PTTK. Odra to nasza rzeka. Posprz\u0105tamy poldery odrza\u0144skie od Obrowca do Kr\u0119pnej 3 kwietnia 2025 r.\u00a0 Kt\u00f3rym odcinkiem Odry lub kt\u00f3rym jej dop\u0142ywem zaopiekujecie si\u0119 Wy?<\/p>\n<div>Informacje:<br \/><a href=\"https:\/\/radio.opole.pl\/662,29,ruszyla-akcja-czysta-odra-jakie-odpady-wyciagaja\" target=\"_blank\" rel=\"noopener\" data-saferedirecturl=\"https:\/\/www.google.com\/url?q=https:\/\/radio.opole.pl\/662,29,ruszyla-akcja-czysta-odra-jakie-odpady-wyciagaja&amp;source=gmail&amp;ust=1743571376414000&amp;usg=AOvVaw2v1Ytxbd-kA7bYJ67XcJFb\">https:\/\/radio.opole.pl\/662,<wbr \/>29,ruszyla-akcja-czysta-odra-<wbr \/>jakie-odpady-wyciagaja<\/a><br \/><a href=\"https:\/\/www.facebook.com\/AkcjaCzystaOdra\/?locale=pl_PL\" target=\"_blank\" rel=\"noopener\" data-saferedirecturl=\"https:\/\/www.google.com\/url?q=https:\/\/www.facebook.com\/AkcjaCzystaOdra\/?locale%3Dpl_PL&amp;source=gmail&amp;ust=1743571376414000&amp;usg=AOvVaw3Whw4qEcI68Ct2fxrnuoZ_\">https:\/\/www.facebook.com\/<wbr \/>AkcjaCzystaOdra\/?locale=pl_PL<\/a><br \/><a href=\"https:\/\/www.credit-agricole.pl\/mniejplastiku\/akcje\/czysta-odra\" target=\"_blank\" rel=\"noopener\" data-saferedirecturl=\"https:\/\/www.google.com\/url?q=https:\/\/www.credit-agricole.pl\/mniejplastiku\/akcje\/czysta-odra&amp;source=gmail&amp;ust=1743571376414000&amp;usg=AOvVaw16mnIJ6kAej0H7jrzFXUlJ\">https:\/\/www.credit-agricole.<wbr \/>pl\/mniejplastiku\/akcje\/czysta-<wbr \/>odra<\/a><\/div>","protected":false},"excerpt":{"rendered":"<p>Opolski Klub Przyrodnik\u00f3w BOLKO przyst\u0119puje do Akcji Czysta Odra. Akcja Czysta Odra to najwi\u0119ksza akcja ekologiczna w Polsce, kt\u00f3ra od 2022 roku odbywa si\u0119 na ca\u0142ym odcinku Odry, od jej \u017ar\u00f3d\u0142a na czeskich Morawach, do uj\u015bcia w Ba\u0142tyku. Co roku na prze\u0142omie kwietnia i maja\u00a0 sprz\u0105tania tej drugiej co do wielko\u015bci polskiej rzeki anga\u017cuj\u0105 wiele [&hellip;]<\/p>\n","protected":false},"author":1,"featured_media":4289,"comment_status":"open","ping_status":"closed","sticky":false,"template":"","format":"standard","meta":{"footnotes":""},"categories":[5],"tags":[],"class_list":["post-4267","post","type-post","status-publish","format-standard","has-post-thumbnail","hentry","category-aktualnosci"],"_links":{"self":[{"href":"https:\/\/opole.pttk.pl\/index.php\/wp-json\/wp\/v2\/posts\/4267","targetHints":{"allow":["GET"]}}],"collection":[{"href":"https:\/\/opole.pttk.pl\/index.php\/wp-json\/wp\/v2\/posts"}],"about":[{"href":"https:\/\/opole.pttk.pl\/index.php\/wp-json\/wp\/v2\/types\/post"}],"author":[{"embeddable":true,"href":"https:\/\/opole.pttk.pl\/index.php\/wp-json\/wp\/v2\/users\/1"}],"replies":[{"embeddable":true,"href":"https:\/\/opole.pttk.pl\/index.php\/wp-json\/wp\/v2\/comments?post=4267"}],"version-history":[{"count":7,"href":"https:\/\/opole.pttk.pl\/index.php\/wp-json\/wp\/v2\/posts\/4267\/revisions"}],"predecessor-version":[{"id":4293,"href":"https:\/\/opole.pttk.pl\/index.php\/wp-json\/wp\/v2\/posts\/4267\/revisions\/4293"}],"wp:featuredmedia":[{"embeddable":true,"href":"https:\/\/opole.pttk.pl\/index.php\/wp-json\/wp\/v2\/media\/4289"}],"wp:attachment":[{"href":"https:\/\/opole.pttk.pl\/index.php\/wp-json\/wp\/v2\/media?parent=4267"}],"wp:term":[{"taxonomy":"category","embeddable":true,"href":"https:\/\/opole.pttk.pl\/index.php\/wp-json\/wp\/v2\/categories?post=4267"},{"taxonomy":"post_tag","embeddable":true,"href":"https:\/\/opole.pttk.pl\/index.php\/wp-json\/wp\/v2\/tags?post=4267"}],"curies":[{"name":"wp","href":"https:\/\/api.w.org\/{rel}","templated":true}]}}