{"id":4975,"date":"2025-06-18T11:40:55","date_gmt":"2025-06-18T09:40:55","guid":{"rendered":"https:\/\/opole.pttk.pl\/?p=4975"},"modified":"2025-06-18T11:41:23","modified_gmt":"2025-06-18T09:41:23","slug":"4975","status":"publish","type":"post","link":"https:\/\/opole.pttk.pl\/index.php\/2025\/06\/18\/4975\/","title":{"rendered":""},"content":{"rendered":"<p>W poniedzia\u0142ek odby\u0142o si\u0119 zebranie grupy roboczej dzia\u0142aj\u0105cej przy Regionalnej Pracowni Krajoznawczej w Opolu. Jej zadaniem b\u0119dzie opracowywanie i przygotowywanie wystaw po\u015bwi\u0119conych historii PTTK na terenie wojew\u00f3dztwa opolskiego. Do tego celu wykorzystane zostan\u0105 odznaki, poczt\u00f3wki i exlibrisy znajduj\u0105ce si\u0119 w zasobie RPK. Dodatkowo wystawione zostan\u0105 prywatne kolekcje odznak krajoznawczych i znaczk\u00f3w z rajd\u00f3w. Je\u015bli chcecie wystawi\u0107 swoje kolekcje w naszej siedzibie, koniecznie dajcie nam zna\u0107. To wszystko wkr\u00f3tce, tymczasem finalizujemy remont siedziby RPK w Domku Lodowym<br \/>\nGrupa dzia\u0142a\u0107 b\u0119dzie w sk\u0142adzie:<br \/>\n1. Jan Bia\u0142ek<br \/>\n2. J\u00f3zef Hupka<br \/>\n3. Jacek Ramus<br \/>\n4. Patryk Frydel (kierownik\u00a0RPK)<\/p>\n","protected":false},"excerpt":{"rendered":"<p>W poniedzia\u0142ek odby\u0142o si\u0119 zebranie grupy roboczej dzia\u0142aj\u0105cej przy Regionalnej Pracowni Krajoznawczej w Opolu. Jej zadaniem b\u0119dzie opracowywanie i przygotowywanie wystaw po\u015bwi\u0119conych historii PTTK na terenie wojew\u00f3dztwa opolskiego. Do tego celu wykorzystane zostan\u0105 odznaki, poczt\u00f3wki i exlibrisy znajduj\u0105ce si\u0119 w zasobie RPK. Dodatkowo wystawione zostan\u0105 prywatne kolekcje odznak krajoznawczych i znaczk\u00f3w z rajd\u00f3w. Je\u015bli chcecie [&hellip;]<\/p>\n","protected":false},"author":1,"featured_media":4977,"comment_status":"open","ping_status":"closed","sticky":false,"template":"","format":"standard","meta":{"footnotes":""},"categories":[5,47],"tags":[],"class_list":["post-4975","post","type-post","status-publish","format-standard","has-post-thumbnail","hentry","category-aktualnosci","category-rpk"],"_links":{"self":[{"href":"https:\/\/opole.pttk.pl\/index.php\/wp-json\/wp\/v2\/posts\/4975","targetHints":{"allow":["GET"]}}],"collection":[{"href":"https:\/\/opole.pttk.pl\/index.php\/wp-json\/wp\/v2\/posts"}],"about":[{"href":"https:\/\/opole.pttk.pl\/index.php\/wp-json\/wp\/v2\/types\/post"}],"author":[{"embeddable":true,"href":"https:\/\/opole.pttk.pl\/index.php\/wp-json\/wp\/v2\/users\/1"}],"replies":[{"embeddable":true,"href":"https:\/\/opole.pttk.pl\/index.php\/wp-json\/wp\/v2\/comments?post=4975"}],"version-history":[{"count":2,"href":"https:\/\/opole.pttk.pl\/index.php\/wp-json\/wp\/v2\/posts\/4975\/revisions"}],"predecessor-version":[{"id":4981,"href":"https:\/\/opole.pttk.pl\/index.php\/wp-json\/wp\/v2\/posts\/4975\/revisions\/4981"}],"wp:featuredmedia":[{"embeddable":true,"href":"https:\/\/opole.pttk.pl\/index.php\/wp-json\/wp\/v2\/media\/4977"}],"wp:attachment":[{"href":"https:\/\/opole.pttk.pl\/index.php\/wp-json\/wp\/v2\/media?parent=4975"}],"wp:term":[{"taxonomy":"category","embeddable":true,"href":"https:\/\/opole.pttk.pl\/index.php\/wp-json\/wp\/v2\/categories?post=4975"},{"taxonomy":"post_tag","embeddable":true,"href":"https:\/\/opole.pttk.pl\/index.php\/wp-json\/wp\/v2\/tags?post=4975"}],"curies":[{"name":"wp","href":"https:\/\/api.w.org\/{rel}","templated":true}]}}