{"id":5204,"date":"2025-07-25T12:38:12","date_gmt":"2025-07-25T10:38:12","guid":{"rendered":"https:\/\/opole.pttk.pl\/?p=5204"},"modified":"2025-07-29T08:08:37","modified_gmt":"2025-07-29T06:08:37","slug":"nowa-odznaka-jubileuszowa-75-lat-z-pttk","status":"publish","type":"post","link":"https:\/\/opole.pttk.pl\/index.php\/2025\/07\/25\/nowa-odznaka-jubileuszowa-75-lat-z-pttk\/","title":{"rendered":"Nowa Odznaka Jubileuszowa-75 lat z PTTK"},"content":{"rendered":"\n<p class=\"has-text-align-center has-vivid-red-color has-text-color has-link-color has-medium-font-size wp-elements-ff6fd0dd6f8bbe88a4d6262184a8b591\"><strong>Dotar\u0142y ju\u017c najnowsze odznaki jubileuszowe &#8211; w realu wygl\u0105daj\u0105 bardzo \u0142adnie. <\/strong><\/p>\n\n\n\n<p class=\"has-text-align-center has-vivid-red-color has-text-color has-link-color has-medium-font-size wp-elements-355cc6193bf11bd076788b9584b64e01\"><strong>Oddzia\u0142 Regionalny PTTK \u015al\u0105ska Opolskiego przyst\u0119puje do weryfikacji<\/strong>.<\/p>\n\n\n<div class=\"wp-block-image\">\n<figure class=\"aligncenter size-large\"><img loading=\"lazy\" decoding=\"async\" width=\"985\" height=\"1024\" src=\"https:\/\/opole.pttk.pl\/wp-content\/uploads\/2025\/07\/regulamin_75_lat_z_pttk-985x1024.jpg\" alt=\"\" class=\"wp-image-5197\" srcset=\"https:\/\/opole.pttk.pl\/wp-content\/uploads\/2025\/07\/regulamin_75_lat_z_pttk-985x1024.jpg 985w, https:\/\/opole.pttk.pl\/wp-content\/uploads\/2025\/07\/regulamin_75_lat_z_pttk-289x300.jpg 289w, https:\/\/opole.pttk.pl\/wp-content\/uploads\/2025\/07\/regulamin_75_lat_z_pttk-768x798.jpg 768w, https:\/\/opole.pttk.pl\/wp-content\/uploads\/2025\/07\/regulamin_75_lat_z_pttk.jpg 1062w\" sizes=\"auto, (max-width: 985px) 100vw, 985px\" \/><\/figure>\n<\/div>","protected":false},"excerpt":{"rendered":"<p>Dotar\u0142y ju\u017c najnowsze odznaki jubileuszowe &#8211; w realu wygl\u0105daj\u0105 bardzo \u0142adnie. Oddzia\u0142 Regionalny PTTK \u015al\u0105ska Opolskiego przyst\u0119puje do weryfikacji.<\/p>\n","protected":false},"author":1,"featured_media":5205,"comment_status":"open","ping_status":"closed","sticky":false,"template":"","format":"standard","meta":{"footnotes":""},"categories":[5],"tags":[],"class_list":["post-5204","post","type-post","status-publish","format-standard","has-post-thumbnail","hentry","category-aktualnosci"],"_links":{"self":[{"href":"https:\/\/opole.pttk.pl\/index.php\/wp-json\/wp\/v2\/posts\/5204","targetHints":{"allow":["GET"]}}],"collection":[{"href":"https:\/\/opole.pttk.pl\/index.php\/wp-json\/wp\/v2\/posts"}],"about":[{"href":"https:\/\/opole.pttk.pl\/index.php\/wp-json\/wp\/v2\/types\/post"}],"author":[{"embeddable":true,"href":"https:\/\/opole.pttk.pl\/index.php\/wp-json\/wp\/v2\/users\/1"}],"replies":[{"embeddable":true,"href":"https:\/\/opole.pttk.pl\/index.php\/wp-json\/wp\/v2\/comments?post=5204"}],"version-history":[{"count":6,"href":"https:\/\/opole.pttk.pl\/index.php\/wp-json\/wp\/v2\/posts\/5204\/revisions"}],"predecessor-version":[{"id":5231,"href":"https:\/\/opole.pttk.pl\/index.php\/wp-json\/wp\/v2\/posts\/5204\/revisions\/5231"}],"wp:featuredmedia":[{"embeddable":true,"href":"https:\/\/opole.pttk.pl\/index.php\/wp-json\/wp\/v2\/media\/5205"}],"wp:attachment":[{"href":"https:\/\/opole.pttk.pl\/index.php\/wp-json\/wp\/v2\/media?parent=5204"}],"wp:term":[{"taxonomy":"category","embeddable":true,"href":"https:\/\/opole.pttk.pl\/index.php\/wp-json\/wp\/v2\/categories?post=5204"},{"taxonomy":"post_tag","embeddable":true,"href":"https:\/\/opole.pttk.pl\/index.php\/wp-json\/wp\/v2\/tags?post=5204"}],"curies":[{"name":"wp","href":"https:\/\/api.w.org\/{rel}","templated":true}]}}