{"id":5590,"date":"2025-10-06T14:47:02","date_gmt":"2025-10-06T12:47:02","guid":{"rendered":"https:\/\/opole.pttk.pl\/?p=5590"},"modified":"2025-10-06T14:48:52","modified_gmt":"2025-10-06T12:48:52","slug":"walne-zebranie-ktg-21","status":"publish","type":"post","link":"https:\/\/opole.pttk.pl\/index.php\/2025\/10\/06\/walne-zebranie-ktg-21\/","title":{"rendered":"Walne Zebranie Ko\u0142a KTG 21"},"content":{"rendered":"<p style=\"text-align: center;\"><strong>Zarz\u0105d Ko\u0142a Turystyki G\u00f3rskiej nr 21 w Opolu zaprasza wszystkich Cz\u0142onk\u00f3w na \u00a0Walne Zebranie Ko\u0142a, kt\u00f3re odb\u0119dzie si\u0119 w dniu <em>17.10.2025r.<\/em><\/strong><\/p>\n<p>\u00a0I termin \u2013 godz. 17:00<\/p>\n<p>II termin \u2013 godz. 17:15<\/p>\n<p>w Klubie 10 Opolskiej Brygady Logistycznej w Opolu przy ul. Doma\u0144skiego 84.<\/p>\n<p>Zebranie odb\u0119dzie si\u0119 wed\u0142ug za\u0142\u0105czonego Porz\u0105dku obrad Walnego Zebrania Ko\u0142a Turystyki G\u00f3rskiej Nr 21 Opole:<\/p>\n<p><strong>Porz\u0105dek obrad Walnego Zebrania Ko\u0142a Turystyki G\u00f3rskiej Nr 21 Opole<\/strong><\/p>\n<ol>\n<li>Powitanie uczestnik\u00f3w Walnego Zebrania.<\/li>\n<li>Wyb\u00f3r i ukonstytuowanie si\u0119 Prezydium Obrad Walnego Zebrania.<\/li>\n<li>Przedstawienie i zatwierdzenie porz\u0105dku obrad Walnego Zebrania.<\/li>\n<li>Ustalenie liczebno\u015bci w\u0142adz w najbli\u017cszej kadencji.<\/li>\n<li>Zatwierdzenie regulaminu obrad Walnego Zebrania.<\/li>\n<li>Wyb\u00f3r Komisji Mandatowej i Wyborczej oraz\u00a0Komisji Uchwa\u0142 i Wniosk\u00f3w, ukonstytuowanie si\u0119 tych Komisji.<\/li>\n<li>Stwierdzenie prawomocno\u015bci Walnego Zebrania przez Komisj\u0119 Mandatow\u0105.<\/li>\n<li>Podzi\u0119kowania, wr\u0119czenie wyr\u00f3\u017cnie\u0144.<\/li>\n<li>Przedstawienie sprawozda\u0144 ust\u0119puj\u0105cych w\u0142adz, tj. Zarz\u0105du i Komisji Rewizyjnej za kadencj\u0119.<\/li>\n<li>Dyskusja nad przedstawionymi sprawozdaniami i ich zatwierdzenie.<\/li>\n<li>Wyb\u00f3r Komisji Skrutacyjnej i jej ukonstytuowanie si\u0119.<\/li>\n<li>Udzielenie bezwzgl\u0119dn\u0105 wi\u0119kszo\u015bci\u0105 g\u0142os\u00f3w, na wniosek Komisji Rewizyjnej, absolutorium poszczeg\u00f3lnym cz\u0142onkom Zarz\u0105du.<\/li>\n<li>Przedstawienie kandydat\u00f3w do w\u0142adz oraz na kandydat\u00f3w na delegata na zjazd oddzia\u0142u. Zamkni\u0119cie list wyborczych.<\/li>\n<li>Przeprowadzenie przez Komisj\u0119 Skrutacyjn\u0105 wybor\u00f3w do w\u0142adz i delegat\u00f3w na zjazd oddzia\u0142u.<\/li>\n<li>Dyskusja, w tym propozycje dzia\u0142a\u0144 na kolejn\u0105 kadencj\u0119.<\/li>\n<li>Og\u0142oszenie wynik\u00f3w wybor\u00f3w przez Komisj\u0119 Skrutacyjn\u0105; ukonstytuowanie si\u0119 w\u0142adz.<\/li>\n<li>Wyst\u0105pienie przewodnicz\u0105cego Komisji Uchwa\u0142 i Wniosk\u00f3w &#8211; przyj\u0119cie stosownych uchwa\u0142.<\/li>\n<li>Wyst\u0105pienie prezesa nowo wybranego zarz\u0105du i zako\u0144czenie obrad.<\/li>\n<\/ol>\n\n\n<p><\/p>\n","protected":false},"excerpt":{"rendered":"<p>Zarz\u0105d Ko\u0142a Turystyki G\u00f3rskiej nr 21 w Opolu zaprasza wszystkich Cz\u0142onk\u00f3w na \u00a0Walne Zebranie Ko\u0142a, kt\u00f3re odb\u0119dzie si\u0119 w dniu 17.10.2025r. \u00a0I termin \u2013 godz. 17:00 II termin \u2013 godz. 17:15 w Klubie 10 Opolskiej Brygady Logistycznej w Opolu przy ul. Doma\u0144skiego 84. Zebranie odb\u0119dzie si\u0119 wed\u0142ug za\u0142\u0105czonego Porz\u0105dku obrad Walnego Zebrania Ko\u0142a Turystyki G\u00f3rskiej [&hellip;]<\/p>\n","protected":false},"author":1,"featured_media":0,"comment_status":"closed","ping_status":"closed","sticky":false,"template":"","format":"standard","meta":{"footnotes":""},"categories":[5,23],"tags":[],"class_list":["post-5590","post","type-post","status-publish","format-standard","hentry","category-aktualnosci","category-ktg-21"],"_links":{"self":[{"href":"https:\/\/opole.pttk.pl\/index.php\/wp-json\/wp\/v2\/posts\/5590","targetHints":{"allow":["GET"]}}],"collection":[{"href":"https:\/\/opole.pttk.pl\/index.php\/wp-json\/wp\/v2\/posts"}],"about":[{"href":"https:\/\/opole.pttk.pl\/index.php\/wp-json\/wp\/v2\/types\/post"}],"author":[{"embeddable":true,"href":"https:\/\/opole.pttk.pl\/index.php\/wp-json\/wp\/v2\/users\/1"}],"replies":[{"embeddable":true,"href":"https:\/\/opole.pttk.pl\/index.php\/wp-json\/wp\/v2\/comments?post=5590"}],"version-history":[{"count":3,"href":"https:\/\/opole.pttk.pl\/index.php\/wp-json\/wp\/v2\/posts\/5590\/revisions"}],"predecessor-version":[{"id":5593,"href":"https:\/\/opole.pttk.pl\/index.php\/wp-json\/wp\/v2\/posts\/5590\/revisions\/5593"}],"wp:attachment":[{"href":"https:\/\/opole.pttk.pl\/index.php\/wp-json\/wp\/v2\/media?parent=5590"}],"wp:term":[{"taxonomy":"category","embeddable":true,"href":"https:\/\/opole.pttk.pl\/index.php\/wp-json\/wp\/v2\/categories?post=5590"},{"taxonomy":"post_tag","embeddable":true,"href":"https:\/\/opole.pttk.pl\/index.php\/wp-json\/wp\/v2\/tags?post=5590"}],"curies":[{"name":"wp","href":"https:\/\/api.w.org\/{rel}","templated":true}]}}