{"id":5724,"date":"2025-10-20T13:28:39","date_gmt":"2025-10-20T11:28:39","guid":{"rendered":"https:\/\/opole.pttk.pl\/?p=5724"},"modified":"2025-10-20T13:32:20","modified_gmt":"2025-10-20T11:32:20","slug":"walne-zabranie-kola-terenowego-w-opolu","status":"publish","type":"post","link":"https:\/\/opole.pttk.pl\/index.php\/2025\/10\/20\/walne-zabranie-kola-terenowego-w-opolu\/","title":{"rendered":"Walne Zabranie Ko\u0142a Terenowego w Opolu"},"content":{"rendered":"<p><strong>Zarz\u0105d Ko\u0142a Terenowego w Opolu zaprasza wszystkich Cz\u0142onk\u00f3w na \u00a0Walne Zebranie Ko\u0142a, kt\u00f3re odb\u0119dzie si\u0119 w dniu <em>4 listopada 2025r.<\/em><\/strong><\/p>\n<p>I termin \u2013 godz. 17:15<\/p>\n<p>II termin \u2013 godz. 17:30<\/p>\n<p><strong>w siedzibie Oddzia\u0142u Regionalnego PTTK \u015al\u0105ska Opolskiego w Opolu ul. Barlickiego 2a<\/strong><\/p>\n<p>Zebranie odb\u0119dzie si\u0119 wed\u0142ug za\u0142\u0105czonego Porz\u0105dku obrad Walnego Zebrania.<\/p>\n<p><strong>Porz\u0105dek obrad Walnego Zebrania Ko\u0142a Terenowego w Opolu<\/strong><\/p>\n<ol>\n<li>Powitanie uczestnik\u00f3w Walnego Zebrania.<\/li>\n<li>Wyb\u00f3r i ukonstytuowanie si\u0119 Prezydium Obrad Walnego Zebrania.<\/li>\n<li>Przedstawienie i zatwierdzenie porz\u0105dku obrad Walnego Zebrania.<\/li>\n<li>Ustalenie liczebno\u015bci w\u0142adz w najbli\u017cszej kadencji.<\/li>\n<li>Zatwierdzenie regulaminu obrad Walnego Zebrania.<\/li>\n<li>Wyb\u00f3r Komisji Mandatowej i Wyborczej oraz\u00a0Komisji Uchwa\u0142 i Wniosk\u00f3w, ukonstytuowanie si\u0119 tych Komisji.<\/li>\n<li>Stwierdzenie prawomocno\u015bci Walnego Zebrania przez Komisj\u0119 Mandatow\u0105.<\/li>\n<li>Podzi\u0119kowania, wr\u0119czenie wyr\u00f3\u017cnie\u0144.<\/li>\n<li>Przedstawienie sprawozda\u0144 ust\u0119puj\u0105cych w\u0142adz.<\/li>\n<li>Dyskusja nad przedstawionymi sprawozdaniami i ich zatwierdzenie.<\/li>\n<li>Wyb\u00f3r Komisji Skrutacyjnej i jej ukonstytuowanie si\u0119.<\/li>\n<li>Udzielenie bezwzgl\u0119dn\u0105 wi\u0119kszo\u015bci\u0105 g\u0142os\u00f3w absolutorium poszczeg\u00f3lnym cz\u0142onkom Zarz\u0105du.<\/li>\n<li>Przedstawienie kandydat\u00f3w do w\u0142adz oraz na kandydat\u00f3w na delegata na zjazd oddzia\u0142u. Zamkni\u0119cie list wyborczych.<\/li>\n<li>Przeprowadzenie przez Komisj\u0119 Skrutacyjn\u0105 wybor\u00f3w do w\u0142adz i delegat\u00f3w na zjazd oddzia\u0142u.<\/li>\n<li>Dyskusja, w tym propozycje dzia\u0142a\u0144 na kolejn\u0105 kadencj\u0119.<\/li>\n<li>Og\u0142oszenie wynik\u00f3w wybor\u00f3w przez Komisj\u0119 Skrutacyjn\u0105; ukonstytuowanie si\u0119 w\u0142adz.<\/li>\n<li>Wyst\u0105pienie przewodnicz\u0105cego Komisji Uchwa\u0142 i Wniosk\u00f3w \u2013 przyj\u0119cie stosownych uchwa\u0142.<\/li>\n<li>Wyst\u0105pienie prezesa nowo wybranego zarz\u0105du i zako\u0144czenie obrad.<\/li>\n<\/ol>\n","protected":false},"excerpt":{"rendered":"<p>Zarz\u0105d Ko\u0142a Terenowego w Opolu zaprasza wszystkich Cz\u0142onk\u00f3w na \u00a0Walne Zebranie Ko\u0142a, kt\u00f3re odb\u0119dzie si\u0119 w dniu 4 listopada 2025r. I termin \u2013 godz. 17:15 II termin \u2013 godz. 17:30 w siedzibie Oddzia\u0142u Regionalnego PTTK \u015al\u0105ska Opolskiego w Opolu ul. Barlickiego 2a Zebranie odb\u0119dzie si\u0119 wed\u0142ug za\u0142\u0105czonego Porz\u0105dku obrad Walnego Zebrania. Porz\u0105dek obrad Walnego Zebrania [&hellip;]<\/p>\n","protected":false},"author":1,"featured_media":1609,"comment_status":"closed","ping_status":"closed","sticky":false,"template":"","format":"standard","meta":{"footnotes":""},"categories":[5],"tags":[],"class_list":["post-5724","post","type-post","status-publish","format-standard","has-post-thumbnail","hentry","category-aktualnosci"],"_links":{"self":[{"href":"https:\/\/opole.pttk.pl\/index.php\/wp-json\/wp\/v2\/posts\/5724","targetHints":{"allow":["GET"]}}],"collection":[{"href":"https:\/\/opole.pttk.pl\/index.php\/wp-json\/wp\/v2\/posts"}],"about":[{"href":"https:\/\/opole.pttk.pl\/index.php\/wp-json\/wp\/v2\/types\/post"}],"author":[{"embeddable":true,"href":"https:\/\/opole.pttk.pl\/index.php\/wp-json\/wp\/v2\/users\/1"}],"replies":[{"embeddable":true,"href":"https:\/\/opole.pttk.pl\/index.php\/wp-json\/wp\/v2\/comments?post=5724"}],"version-history":[{"count":3,"href":"https:\/\/opole.pttk.pl\/index.php\/wp-json\/wp\/v2\/posts\/5724\/revisions"}],"predecessor-version":[{"id":5728,"href":"https:\/\/opole.pttk.pl\/index.php\/wp-json\/wp\/v2\/posts\/5724\/revisions\/5728"}],"wp:featuredmedia":[{"embeddable":true,"href":"https:\/\/opole.pttk.pl\/index.php\/wp-json\/wp\/v2\/media\/1609"}],"wp:attachment":[{"href":"https:\/\/opole.pttk.pl\/index.php\/wp-json\/wp\/v2\/media?parent=5724"}],"wp:term":[{"taxonomy":"category","embeddable":true,"href":"https:\/\/opole.pttk.pl\/index.php\/wp-json\/wp\/v2\/categories?post=5724"},{"taxonomy":"post_tag","embeddable":true,"href":"https:\/\/opole.pttk.pl\/index.php\/wp-json\/wp\/v2\/tags?post=5724"}],"curies":[{"name":"wp","href":"https:\/\/api.w.org\/{rel}","templated":true}]}}